{"id":100960,"date":"2025-10-08T11:13:41","date_gmt":"2025-10-08T16:13:41","guid":{"rendered":"https:\/\/elischools.com\/come-si-celebra-il-giorno-di-san-patrizio-in-irlanda\/"},"modified":"2025-10-08T11:13:45","modified_gmt":"2025-10-08T16:13:45","slug":"come-si-celebra-il-giorno-di-san-patrizio-in-irlanda","status":"publish","type":"post","link":"https:\/\/elischools.com\/it\/come-si-celebra-il-giorno-di-san-patrizio-in-irlanda\/","title":{"rendered":"Come si celebra il giorno di San Patrizio in Irlanda?"},"content":{"rendered":"\t\t<div data-elementor-type=\"wp-post\" data-elementor-id=\"100960\" class=\"elementor elementor-100960 elementor-100946\" data-elementor-post-type=\"post\">\n\t\t\t\t<div class=\"elementor-element elementor-element-c2aa8ab e-flex e-con-boxed e-con e-parent\" data-id=\"c2aa8ab\" data-element_type=\"container\" data-e-type=\"container\">\n\t\t\t\t\t<div class=\"e-con-inner\">\n\t\t\t\t<div class=\"elementor-element elementor-element-b4d8048 elementor-widget elementor-widget-text-editor\" data-id=\"b4d8048\" data-element_type=\"widget\" data-e-type=\"widget\" data-settings=\"{&quot;_animation&quot;:&quot;none&quot;,&quot;_animation_delay&quot;:100}\" data-widget_type=\"text-editor.default\">\n\t\t\t\t<div class=\"elementor-widget-container\">\n\t\t\t\t\t\t\t\t\t<p><span style=\"font-weight: 400;\">La festa pi\u00f9 grande d\u2019Irlanda sta per arrivare! Se sei nuovo sull\u2019isola, probabilmente ti stai chiedendo dove andare, come vestirti e cosa fare. Ti raccontiamo un po\u2019 di pi\u00f9 su questa celebrazione, ma prima, partiamo dall\u2019inizio.<\/span><\/p>\n\t\t\t\t\t\t\t\t<\/div>\n\t\t\t\t<\/div>\n\t\t\t\t<div class=\"elementor-element elementor-element-8f61745 elementor-widget elementor-widget-image\" data-id=\"8f61745\" data-element_type=\"widget\" data-e-type=\"widget\" data-widget_type=\"image.default\">\n\t\t\t\t<div class=\"elementor-widget-container\">\n\t\t\t\t\t\t\t\t\t\t\t\t\t\t\t<img fetchpriority=\"high\" decoding=\"async\" width=\"476\" height=\"358\" src=\"https:\/\/elischools.com\/wp-content\/uploads\/2025\/10\/image-4.webp\" class=\"attachment-large size-large wp-image-100865\" alt=\"\u00bfC\u00f3mo se celebra el D\u00eda de San Patricio en Irlanda?\" srcset=\"https:\/\/elischools.com\/wp-content\/uploads\/2025\/10\/image-4.webp 476w, https:\/\/elischools.com\/wp-content\/uploads\/2025\/10\/image-4-300x226.webp 300w\" sizes=\"(max-width: 476px) 100vw, 476px\" \/>\t\t\t\t\t\t\t\t\t\t\t\t\t\t\t<\/div>\n\t\t\t\t<\/div>\n\t\t\t\t<div class=\"elementor-element elementor-element-4f46062 elementor-widget elementor-widget-heading\" data-id=\"4f46062\" data-element_type=\"widget\" data-e-type=\"widget\" data-widget_type=\"heading.default\">\n\t\t\t\t<div class=\"elementor-widget-container\">\n\t\t\t\t\t<h2 class=\"elementor-heading-title elementor-size-default\"> Cosa si celebra in questo giorno?<\/h2>\t\t\t\t<\/div>\n\t\t\t\t<\/div>\n\t\t\t\t<div class=\"elementor-element elementor-element-d6cc3b3 elementor-widget elementor-widget-text-editor\" data-id=\"d6cc3b3\" data-element_type=\"widget\" data-e-type=\"widget\" data-settings=\"{&quot;_animation&quot;:&quot;none&quot;,&quot;_animation_delay&quot;:100}\" data-widget_type=\"text-editor.default\">\n\t\t\t\t<div class=\"elementor-widget-container\">\n\t\t\t\t\t\t\t\t\t<p><span style=\"font-weight: 400;\">\u00a0Il St. Patrick\u2019s Day \u00e8 una festivit\u00e0 culturale e religiosa che si celebra ogni 17 marzo in Irlanda e in molte parti del mondo. Prende il nome da San Patrizio, il santo patrono d\u2019Irlanda, a cui si attribuisce l\u2019introduzione del cristianesimo sull\u2019isola nel V secolo.<\/span><\/p>\n<p><span style=\"font-weight: 400;\">La festivit\u00e0 viene celebrata in Irlanda da pi\u00f9 di mille anni e originariamente aveva un significato religioso, con persone che partecipavano ai servizi della chiesa e prendevano parte a banchetti e processioni in onore di San Patrizio.<\/span><\/p>\n<p><span style=\"font-weight: 400;\">Col tempo, la festivit\u00e0 si \u00e8 evoluta fino a diventare una celebrazione della cultura e dell\u2019eredit\u00e0 irlandese, con sfilate, festival e altri eventi che si svolgono nelle citt\u00e0 e nei paesi d\u2019Irlanda e nel mondo. La festa \u00e8 anche un\u2019opportunit\u00e0 per gli irlandesi di mostrare la propria identit\u00e0 nazionale e celebrare i successi e i contributi del popolo irlandese alla societ\u00e0.<\/span><\/p>\n<p><span style=\"font-weight: 400;\">Oggi, il St. Patrick\u2019s Day \u00e8 sinonimo di sfilate, festival, musica e danza tradizionale. La gente si veste di verde, porta trifogli e gusta piatti tipici come lo <\/span><b>Irish stew<\/b><span style=\"font-weight: 400;\">, il <\/span><b>soda bread<\/b><span style=\"font-weight: 400;\"> e, naturalmente, una pinta di <\/span><b>Guinness<\/b><span style=\"font-weight: 400;\">.<\/span><\/p>\n\t\t\t\t\t\t\t\t<\/div>\n\t\t\t\t<\/div>\n\t\t\t\t<div class=\"elementor-element elementor-element-e141a90 elementor-widget elementor-widget-heading\" data-id=\"e141a90\" data-element_type=\"widget\" data-e-type=\"widget\" data-widget_type=\"heading.default\">\n\t\t\t\t<div class=\"elementor-widget-container\">\n\t\t\t\t\t<h2 class=\"elementor-heading-title elementor-size-default\">Dove si pu\u00f2 celebrare in Irlanda?<\/h2>\t\t\t\t<\/div>\n\t\t\t\t<\/div>\n\t\t\t\t<div class=\"elementor-element elementor-element-b48588d elementor-widget elementor-widget-image\" data-id=\"b48588d\" data-element_type=\"widget\" data-e-type=\"widget\" data-widget_type=\"image.default\">\n\t\t\t\t<div class=\"elementor-widget-container\">\n\t\t\t\t\t\t\t\t\t\t\t\t\t\t\t<img decoding=\"async\" width=\"542\" height=\"408\" src=\"https:\/\/elischools.com\/wp-content\/uploads\/2025\/10\/image-5.webp\" class=\"attachment-large size-large wp-image-100884\" alt=\"\u00bfC\u00f3mo se celebra el D\u00eda de San Patricio en Irlanda?\" srcset=\"https:\/\/elischools.com\/wp-content\/uploads\/2025\/10\/image-5.webp 542w, https:\/\/elischools.com\/wp-content\/uploads\/2025\/10\/image-5-300x226.webp 300w\" sizes=\"(max-width: 542px) 100vw, 542px\" \/>\t\t\t\t\t\t\t\t\t\t\t\t\t\t\t<\/div>\n\t\t\t\t<\/div>\n\t\t\t\t<div class=\"elementor-element elementor-element-6a783ae elementor-widget elementor-widget-text-editor\" data-id=\"6a783ae\" data-element_type=\"widget\" data-e-type=\"widget\" data-settings=\"{&quot;_animation&quot;:&quot;none&quot;,&quot;_animation_delay&quot;:100}\" data-widget_type=\"text-editor.default\">\n\t\t\t\t<div class=\"elementor-widget-container\">\n\t\t\t\t\t\t\t\t\t<p><span style=\"font-weight: 400;\">Ecco alcune opzioni per vivere questa giornata.<\/span><\/p>\n\t\t\t\t\t\t\t\t<\/div>\n\t\t\t\t<\/div>\n\t\t\t\t<div class=\"elementor-element elementor-element-47f3c45 elementor-widget elementor-widget-heading\" data-id=\"47f3c45\" data-element_type=\"widget\" data-e-type=\"widget\" data-widget_type=\"heading.default\">\n\t\t\t\t<div class=\"elementor-widget-container\">\n\t\t\t\t\t<h2 class=\"elementor-heading-title elementor-size-default\">Festival a Dublino - San Patrizio<\/h2>\t\t\t\t<\/div>\n\t\t\t\t<\/div>\n\t\t\t\t<div class=\"elementor-element elementor-element-5811a62 elementor-widget elementor-widget-text-editor\" data-id=\"5811a62\" data-element_type=\"widget\" data-e-type=\"widget\" data-settings=\"{&quot;_animation&quot;:&quot;none&quot;,&quot;_animation_delay&quot;:100}\" data-widget_type=\"text-editor.default\">\n\t\t\t\t<div class=\"elementor-widget-container\">\n\t\t\t\t\t\t\t\t\t<p><span style=\"font-weight: 400;\">\u00a0Un evento ricco di sfilate, concerti, spettacoli di strada e fuochi d\u2019artificio. Questa sfilata \u00e8 la pi\u00f9 conosciuta e famosa a Dublino. Vedi il programma ufficiale qui:<\/span><a href=\"https:\/\/stpatricksfestival.ie\/events\/parade\" target=\"_blank\" rel=\"noopener\"> <span style=\"font-weight: 400;\">https:\/\/stpatricksfestival.ie\/events\/parade<\/span><\/a><\/p>\n\t\t\t\t\t\t\t\t<\/div>\n\t\t\t\t<\/div>\n\t\t\t\t<div class=\"elementor-element elementor-element-98fc6e2 elementor-widget elementor-widget-heading\" data-id=\"98fc6e2\" data-element_type=\"widget\" data-e-type=\"widget\" data-settings=\"{&quot;_animation&quot;:&quot;none&quot;}\" data-widget_type=\"heading.default\">\n\t\t\t\t<div class=\"elementor-widget-container\">\n\t\t\t\t\t<h2 class=\"elementor-heading-title elementor-size-default\">Guinness Storehouse a Dublino<\/h2>\t\t\t\t<\/div>\n\t\t\t\t<\/div>\n\t\t\t\t<div class=\"elementor-element elementor-element-b203b95 elementor-widget elementor-widget-text-editor\" data-id=\"b203b95\" data-element_type=\"widget\" data-e-type=\"widget\" data-settings=\"{&quot;_animation&quot;:&quot;none&quot;,&quot;_animation_delay&quot;:100}\" data-widget_type=\"text-editor.default\">\n\t\t\t\t<div class=\"elementor-widget-container\">\n\t\t\t\t\t\t\t\t\t<p><span style=\"font-weight: 400;\">Durante la settimana di San Patrizio offre esperienze speciali, musica dal vivo e degustazioni uniche.<\/span><\/p>\n\t\t\t\t\t\t\t\t<\/div>\n\t\t\t\t<\/div>\n\t\t\t\t<div class=\"elementor-element elementor-element-1836962 elementor-widget elementor-widget-heading\" data-id=\"1836962\" data-element_type=\"widget\" data-e-type=\"widget\" data-widget_type=\"heading.default\">\n\t\t\t\t<div class=\"elementor-widget-container\">\n\t\t\t\t\t<h2 class=\"elementor-heading-title elementor-size-default\">Sessioni di musica tradizionale<\/h2>\t\t\t\t<\/div>\n\t\t\t\t<\/div>\n\t\t\t\t<div class=\"elementor-element elementor-element-8ede6cc elementor-widget elementor-widget-text-editor\" data-id=\"8ede6cc\" data-element_type=\"widget\" data-e-type=\"widget\" data-settings=\"{&quot;_animation&quot;:&quot;none&quot;,&quot;_animation_delay&quot;:100}\" data-widget_type=\"text-editor.default\">\n\t\t\t\t<div class=\"elementor-widget-container\">\n\t\t\t\t\t\t\t\t\t<p><span style=\"font-weight: 400;\">Nei pub e nei bar di tutta l\u2019Irlanda troverai sessioni di musica irlandese dal vivo. \u00c8 uno dei modi pi\u00f9 autentici per godersi la celebrazione insieme ai locali.<\/span><\/p>\n\t\t\t\t\t\t\t\t<\/div>\n\t\t\t\t<\/div>\n\t\t\t\t<div class=\"elementor-element elementor-element-ab6556a elementor-widget elementor-widget-heading\" data-id=\"ab6556a\" data-element_type=\"widget\" data-e-type=\"widget\" data-widget_type=\"heading.default\">\n\t\t\t\t<div class=\"elementor-widget-container\">\n\t\t\t\t\t<h2 class=\"elementor-heading-title elementor-size-default\">Citt\u00e0 di Waterford, Co. Waterford<\/h2>\t\t\t\t<\/div>\n\t\t\t\t<\/div>\n\t\t\t\t<div class=\"elementor-element elementor-element-5ee1403 elementor-widget elementor-widget-text-editor\" data-id=\"5ee1403\" data-element_type=\"widget\" data-e-type=\"widget\" data-settings=\"{&quot;_animation&quot;:&quot;none&quot;,&quot;_animation_delay&quot;:100}\" data-widget_type=\"text-editor.default\">\n\t\t\t\t<div class=\"elementor-widget-container\">\n\t\t\t\t\t\t\t\t\t<p><span style=\"font-weight: 400;\">Sapevi che Waterford \u00e8 stata la prima citt\u00e0 a dichiarare il St. Patrick\u2019s Day come giorno festivo? Perci\u00f2 le celebrazioni si basano sulla storia.<\/span><\/p>\n\t\t\t\t\t\t\t\t<\/div>\n\t\t\t\t<\/div>\n\t\t\t\t<div class=\"elementor-element elementor-element-d4fcba8 elementor-widget elementor-widget-heading\" data-id=\"d4fcba8\" data-element_type=\"widget\" data-e-type=\"widget\" data-widget_type=\"heading.default\">\n\t\t\t\t<div class=\"elementor-widget-container\">\n\t\t\t\t\t<h2 class=\"elementor-heading-title elementor-size-default\">Siti storici<\/h2>\t\t\t\t<\/div>\n\t\t\t\t<\/div>\n\t\t\t\t<div class=\"elementor-element elementor-element-9080384 elementor-widget elementor-widget-text-editor\" data-id=\"9080384\" data-element_type=\"widget\" data-e-type=\"widget\" data-settings=\"{&quot;_animation&quot;:&quot;none&quot;,&quot;_animation_delay&quot;:100}\" data-widget_type=\"text-editor.default\">\n\t\t\t\t<div class=\"elementor-widget-container\">\n\t\t\t\t\t\t\t\t\t<p><span style=\"font-weight: 400;\">Se vuoi entrare in contatto con la storia e la cultura di questo paese, troverai luoghi come castelli, monasteri e antiche rovine da visitare.<\/span><\/p>\n\t\t\t\t\t\t\t\t<\/div>\n\t\t\t\t<\/div>\n\t\t\t\t<div class=\"elementor-element elementor-element-3cecc01 elementor-widget elementor-widget-heading\" data-id=\"3cecc01\" data-element_type=\"widget\" data-e-type=\"widget\" data-widget_type=\"heading.default\">\n\t\t\t\t<div class=\"elementor-widget-container\">\n\t\t\t\t\t<h2 class=\"elementor-heading-title elementor-size-default\">Conclusione<\/h2>\t\t\t\t<\/div>\n\t\t\t\t<\/div>\n\t\t\t\t<div class=\"elementor-element elementor-element-21ed0d5 elementor-widget elementor-widget-text-editor\" data-id=\"21ed0d5\" data-element_type=\"widget\" data-e-type=\"widget\" data-settings=\"{&quot;_animation&quot;:&quot;none&quot;,&quot;_animation_delay&quot;:100}\" data-widget_type=\"text-editor.default\">\n\t\t\t\t<div class=\"elementor-widget-container\">\n\t\t\t\t\t\t\t\t\t<p><span style=\"font-weight: 400;\">Se hai in programma di studiare in Irlanda o sei gi\u00e0 studente, non puoi perdere l\u2019opportunit\u00e0 di scoprire e vivere il St. Patrick\u2019s Day. Vale la pena connettersi con la storia e le tradizioni culturali che questo paese ha da offrirti.<\/span><\/p>\n\t\t\t\t\t\t\t\t<\/div>\n\t\t\t\t<\/div>\n\t\t\t\t<div class=\"elementor-element elementor-element-cca8504 elementor-widget elementor-widget-heading\" data-id=\"cca8504\" data-element_type=\"widget\" data-e-type=\"widget\" data-widget_type=\"heading.default\">\n\t\t\t\t<div class=\"elementor-widget-container\">\n\t\t\t\t\t<h2 class=\"elementor-heading-title elementor-size-default\">Fonti<\/h2>\t\t\t\t<\/div>\n\t\t\t\t<\/div>\n\t\t\t\t<div class=\"elementor-element elementor-element-af86e29 elementor-widget elementor-widget-text-editor\" data-id=\"af86e29\" data-element_type=\"widget\" data-e-type=\"widget\" data-settings=\"{&quot;_animation&quot;:&quot;none&quot;,&quot;_animation_delay&quot;:100}\" data-widget_type=\"text-editor.default\">\n\t\t\t\t<div class=\"elementor-widget-container\">\n\t\t\t\t\t\t\t\t\t<ul>\n<li><a href=\"https:\/\/kids.nationalgeographic.com\/celebrations\/article\/st-patricks-day\" target=\"_blank\" rel=\"noopener\">https:\/\/kids.nationalgeographic.com\/celebrations\/article\/st-patricks-day<\/a><\/li>\n<li><a href=\"https:\/\/www.ireland.ie\/en\/st-patricks-day-2025\/everything-you-need-to-know-about-st-patricks-day\/\" target=\"_blank\" rel=\"noopener\">https:\/\/www.ireland.ie\/en\/st-patricks-day-2025\/everything-you-need-to-know-about-st-patricks-day\/<\/a><\/li>\n<li><a href=\"https:\/\/www.gpb.org\/education\/origins-of-st-patricks-day\" target=\"_blank\" rel=\"noopener\">https:\/\/www.gpb.org\/education\/origins-of-st-patricks-day<\/a><\/li>\n<li>https:\/\/research-repository.st-andrews.ac.uk\/handle\/10023\/6624<\/li>\n<\/ul>\n\t\t\t\t\t\t\t\t<\/div>\n\t\t\t\t<\/div>\n\t\t\t\t\t<\/div>\n\t\t\t\t<\/div>\n\t\t\t\t<\/div>\n\t\t","protected":false},"excerpt":{"rendered":"<p>La festa pi\u00f9 grande d\u2019Irlanda sta per arrivare! Se sei nuovo sull\u2019isola, probabilmente ti stai chiedendo dove andare, come vestirti e cosa fare. Ti raccontiamo un po\u2019 di pi\u00f9 su questa celebrazione, ma prima, partiamo dall\u2019inizio. Cosa si celebra in questo giorno? \u00a0Il St. Patrick\u2019s Day \u00e8 una festivit\u00e0 culturale e religiosa che si celebra [&hellip;]<\/p>\n","protected":false},"author":19,"featured_media":100826,"comment_status":"closed","ping_status":"closed","sticky":false,"template":"","format":"standard","meta":{"_angie_page":false,"page_builder":"","footnotes":""},"categories":[1],"tags":[],"class_list":["post-100960","post","type-post","status-publish","format-standard","has-post-thumbnail","hentry","category-uncategorized"],"_links":{"self":[{"href":"https:\/\/elischools.com\/it\/wp-json\/wp\/v2\/posts\/100960","targetHints":{"allow":["GET"]}}],"collection":[{"href":"https:\/\/elischools.com\/it\/wp-json\/wp\/v2\/posts"}],"about":[{"href":"https:\/\/elischools.com\/it\/wp-json\/wp\/v2\/types\/post"}],"author":[{"embeddable":true,"href":"https:\/\/elischools.com\/it\/wp-json\/wp\/v2\/users\/19"}],"replies":[{"embeddable":true,"href":"https:\/\/elischools.com\/it\/wp-json\/wp\/v2\/comments?post=100960"}],"version-history":[{"count":0,"href":"https:\/\/elischools.com\/it\/wp-json\/wp\/v2\/posts\/100960\/revisions"}],"wp:featuredmedia":[{"embeddable":true,"href":"https:\/\/elischools.com\/it\/wp-json\/wp\/v2\/media\/100826"}],"wp:attachment":[{"href":"https:\/\/elischools.com\/it\/wp-json\/wp\/v2\/media?parent=100960"}],"wp:term":[{"taxonomy":"category","embeddable":true,"href":"https:\/\/elischools.com\/it\/wp-json\/wp\/v2\/categories?post=100960"},{"taxonomy":"post_tag","embeddable":true,"href":"https:\/\/elischools.com\/it\/wp-json\/wp\/v2\/tags?post=100960"}],"curies":[{"name":"wp","href":"https:\/\/api.w.org\/{rel}","templated":true}]}}